{"id":425,"date":"2014-05-29T17:52:29","date_gmt":"2014-05-29T15:52:29","guid":{"rendered":"http:\/\/medicina.umh.es\/?p=425"},"modified":"2014-05-30T07:46:00","modified_gmt":"2014-05-30T05:46:00","slug":"fallece-el-profesor-emilio-balaguer-periguell-catedratico-de-historia-de-la-ciencia-de-la-universidad-miguel-hernandez","status":"publish","type":"post","link":"https:\/\/medicina.umh.es\/en\/2014\/05\/29\/fallece-el-profesor-emilio-balaguer-periguell-catedratico-de-historia-de-la-ciencia-de-la-universidad-miguel-hernandez\/","title":{"rendered":"<span lang=\"es\">(Espa\u00f1ol) Fallece el Profesor Emilio Balaguer Perig\u00fcell, Catedr\u00e1tico Em\u00e9rito de Historia de la Ciencia de la Universidad Miguel Hern\u00e1ndez<\/span>"},"content":{"rendered":"<p class=\"qtranxs-available-languages-message qtranxs-available-languages-message-en\">Sorry, this entry is only available in <a href=\"https:\/\/medicina.umh.es\/es\/wp-json\/wp\/v2\/posts\/425\" class=\"qtranxs-available-language-link qtranxs-available-language-link-es\" title=\"Espa\u00f1ol\">European Spanish<\/a>.<\/p>","protected":false},"excerpt":{"rendered":"<p>Sorry, this entry is only available in European Spanish.<\/p>\n","protected":false},"author":110,"featured_media":0,"comment_status":"closed","ping_status":"open","sticky":false,"template":"","format":"standard","meta":{"_links_to":"","_links_to_target":""},"categories":[1],"tags":[],"_links":{"self":[{"href":"https:\/\/medicina.umh.es\/en\/wp-json\/wp\/v2\/posts\/425"}],"collection":[{"href":"https:\/\/medicina.umh.es\/en\/wp-json\/wp\/v2\/posts"}],"about":[{"href":"https:\/\/medicina.umh.es\/en\/wp-json\/wp\/v2\/types\/post"}],"author":[{"embeddable":true,"href":"https:\/\/medicina.umh.es\/en\/wp-json\/wp\/v2\/users\/110"}],"replies":[{"embeddable":true,"href":"https:\/\/medicina.umh.es\/en\/wp-json\/wp\/v2\/comments?post=425"}],"version-history":[{"count":0,"href":"https:\/\/medicina.umh.es\/en\/wp-json\/wp\/v2\/posts\/425\/revisions"}],"wp:attachment":[{"href":"https:\/\/medicina.umh.es\/en\/wp-json\/wp\/v2\/media?parent=425"}],"wp:term":[{"taxonomy":"category","embeddable":true,"href":"https:\/\/medicina.umh.es\/en\/wp-json\/wp\/v2\/categories?post=425"},{"taxonomy":"post_tag","embeddable":true,"href":"https:\/\/medicina.umh.es\/en\/wp-json\/wp\/v2\/tags?post=425"}],"curies":[{"name":"wp","href":"https:\/\/api.w.org\/{rel}","templated":true}]}}