{"id":548,"date":"2015-02-23T15:37:42","date_gmt":"2015-02-23T14:37:42","guid":{"rendered":"http:\/\/medicina.umh.es\/?p=548"},"modified":"2015-02-23T15:38:16","modified_gmt":"2015-02-23T14:38:16","slug":"jornadas-de-historia-de-la-medicina-y-antropologia-medica-locura-y-modernidad","status":"publish","type":"post","link":"https:\/\/medicina.umh.es\/ca\/2015\/02\/23\/jornadas-de-historia-de-la-medicina-y-antropologia-medica-locura-y-modernidad\/","title":{"rendered":"<span lang=\"es\">(Espa\u00f1ol) Jornadas de Historia de la Medicina y Antropolog\u00eda M\u00e9dica: &#8220;Locura y Modernidad&#8221;<\/span>"},"content":{"rendered":"<p class=\"qtranxs-available-languages-message qtranxs-available-languages-message-ca\">Ho sentim, aquesta entrada es troba disponible \u00fanicament en <a href=\"https:\/\/medicina.umh.es\/es\/wp-json\/wp\/v2\/posts\/548\" class=\"qtranxs-available-language-link qtranxs-available-language-link-es\" title=\"Espa\u00f1ol\">Espanyol Europeu<\/a>.<\/p>","protected":false},"excerpt":{"rendered":"<p>Ho sentim, aquesta entrada es troba disponible \u00fanicament en Espanyol Europeu.<\/p>\n","protected":false},"author":110,"featured_media":0,"comment_status":"closed","ping_status":"open","sticky":false,"template":"","format":"standard","meta":{"_links_to":"","_links_to_target":""},"categories":[1],"tags":[],"_links":{"self":[{"href":"https:\/\/medicina.umh.es\/ca\/wp-json\/wp\/v2\/posts\/548"}],"collection":[{"href":"https:\/\/medicina.umh.es\/ca\/wp-json\/wp\/v2\/posts"}],"about":[{"href":"https:\/\/medicina.umh.es\/ca\/wp-json\/wp\/v2\/types\/post"}],"author":[{"embeddable":true,"href":"https:\/\/medicina.umh.es\/ca\/wp-json\/wp\/v2\/users\/110"}],"replies":[{"embeddable":true,"href":"https:\/\/medicina.umh.es\/ca\/wp-json\/wp\/v2\/comments?post=548"}],"version-history":[{"count":0,"href":"https:\/\/medicina.umh.es\/ca\/wp-json\/wp\/v2\/posts\/548\/revisions"}],"wp:attachment":[{"href":"https:\/\/medicina.umh.es\/ca\/wp-json\/wp\/v2\/media?parent=548"}],"wp:term":[{"taxonomy":"category","embeddable":true,"href":"https:\/\/medicina.umh.es\/ca\/wp-json\/wp\/v2\/categories?post=548"},{"taxonomy":"post_tag","embeddable":true,"href":"https:\/\/medicina.umh.es\/ca\/wp-json\/wp\/v2\/tags?post=548"}],"curies":[{"name":"wp","href":"https:\/\/api.w.org\/{rel}","templated":true}]}}