{"id":538,"date":"2015-02-10T19:01:44","date_gmt":"2015-02-10T18:01:44","guid":{"rendered":"http:\/\/medicina.umh.es\/?p=538"},"modified":"2015-02-10T19:06:21","modified_gmt":"2015-02-10T18:06:21","slug":"se-inaugura-la-exposicion-exposicion-locura-y-modernidad-espacios-practicas-y-saberes-en-el-campus-de-sant-joan-dalacant","status":"publish","type":"post","link":"https:\/\/medicina.umh.es\/ca\/2015\/02\/10\/se-inaugura-la-exposicion-exposicion-locura-y-modernidad-espacios-practicas-y-saberes-en-el-campus-de-sant-joan-dalacant\/","title":{"rendered":"<span lang=\"es\">(Espa\u00f1ol) Se inaugura la exposici\u00f3n Exposici\u00f3n \u201cLocura y modernidad. Espacios, pr\u00e1cticas y saberes\u201d en el campus de Sant Joan d\u2019Alacant<\/span>"},"content":{"rendered":"<p class=\"qtranxs-available-languages-message qtranxs-available-languages-message-ca\">Ho sentim, aquesta entrada es troba disponible \u00fanicament en <a href=\"https:\/\/medicina.umh.es\/es\/wp-json\/wp\/v2\/posts\/538\" class=\"qtranxs-available-language-link qtranxs-available-language-link-es\" title=\"Espa\u00f1ol\">Espanyol Europeu<\/a>.<\/p>","protected":false},"excerpt":{"rendered":"<p>Ho sentim, aquesta entrada es troba disponible \u00fanicament en Espanyol Europeu.<\/p>\n","protected":false},"author":110,"featured_media":0,"comment_status":"closed","ping_status":"open","sticky":false,"template":"","format":"standard","meta":{"_links_to":"","_links_to_target":""},"categories":[1],"tags":[],"_links":{"self":[{"href":"https:\/\/medicina.umh.es\/ca\/wp-json\/wp\/v2\/posts\/538"}],"collection":[{"href":"https:\/\/medicina.umh.es\/ca\/wp-json\/wp\/v2\/posts"}],"about":[{"href":"https:\/\/medicina.umh.es\/ca\/wp-json\/wp\/v2\/types\/post"}],"author":[{"embeddable":true,"href":"https:\/\/medicina.umh.es\/ca\/wp-json\/wp\/v2\/users\/110"}],"replies":[{"embeddable":true,"href":"https:\/\/medicina.umh.es\/ca\/wp-json\/wp\/v2\/comments?post=538"}],"version-history":[{"count":0,"href":"https:\/\/medicina.umh.es\/ca\/wp-json\/wp\/v2\/posts\/538\/revisions"}],"wp:attachment":[{"href":"https:\/\/medicina.umh.es\/ca\/wp-json\/wp\/v2\/media?parent=538"}],"wp:term":[{"taxonomy":"category","embeddable":true,"href":"https:\/\/medicina.umh.es\/ca\/wp-json\/wp\/v2\/categories?post=538"},{"taxonomy":"post_tag","embeddable":true,"href":"https:\/\/medicina.umh.es\/ca\/wp-json\/wp\/v2\/tags?post=538"}],"curies":[{"name":"wp","href":"https:\/\/api.w.org\/{rel}","templated":true}]}}