{"id":1235,"date":"2018-03-26T14:01:31","date_gmt":"2018-03-26T12:01:31","guid":{"rendered":"http:\/\/medicina.umh.es\/?p=1235"},"modified":"2018-03-26T14:01:35","modified_gmt":"2018-03-26T12:01:35","slug":"iii-convocatoria-de-premios-a-la-mejor-tesis-doctoral-dra-menendez-fundacion-l-a-i-r","status":"publish","type":"post","link":"https:\/\/medicina.umh.es\/ca\/2018\/03\/26\/iii-convocatoria-de-premios-a-la-mejor-tesis-doctoral-dra-menendez-fundacion-l-a-i-r\/","title":{"rendered":"<span lang=\"es\">(Espa\u00f1ol) III CONVOCATORIA DE PREMIOS A LA MEJOR TESIS DOCTORAL &#8220;DRA. MEN\u00c9NDEZ&#8221; &#8211; FUNDACI\u00d3N L.A.I.R.<\/span>"},"content":{"rendered":"<p class=\"qtranxs-available-languages-message qtranxs-available-languages-message-ca\">Ho sentim, aquesta entrada es troba disponible \u00fanicament en <a href=\"https:\/\/medicina.umh.es\/es\/wp-json\/wp\/v2\/posts\/1235\" class=\"qtranxs-available-language-link qtranxs-available-language-link-es\" title=\"Espa\u00f1ol\">Espanyol Europeu<\/a>.<\/p>","protected":false},"excerpt":{"rendered":"<p>Ho sentim, aquesta entrada es troba disponible \u00fanicament en Espanyol Europeu.<\/p>\n","protected":false},"author":477,"featured_media":0,"comment_status":"closed","ping_status":"open","sticky":false,"template":"","format":"standard","meta":{"_links_to":"","_links_to_target":""},"categories":[17740],"tags":[],"_links":{"self":[{"href":"https:\/\/medicina.umh.es\/ca\/wp-json\/wp\/v2\/posts\/1235"}],"collection":[{"href":"https:\/\/medicina.umh.es\/ca\/wp-json\/wp\/v2\/posts"}],"about":[{"href":"https:\/\/medicina.umh.es\/ca\/wp-json\/wp\/v2\/types\/post"}],"author":[{"embeddable":true,"href":"https:\/\/medicina.umh.es\/ca\/wp-json\/wp\/v2\/users\/477"}],"replies":[{"embeddable":true,"href":"https:\/\/medicina.umh.es\/ca\/wp-json\/wp\/v2\/comments?post=1235"}],"version-history":[{"count":0,"href":"https:\/\/medicina.umh.es\/ca\/wp-json\/wp\/v2\/posts\/1235\/revisions"}],"wp:attachment":[{"href":"https:\/\/medicina.umh.es\/ca\/wp-json\/wp\/v2\/media?parent=1235"}],"wp:term":[{"taxonomy":"category","embeddable":true,"href":"https:\/\/medicina.umh.es\/ca\/wp-json\/wp\/v2\/categories?post=1235"},{"taxonomy":"post_tag","embeddable":true,"href":"https:\/\/medicina.umh.es\/ca\/wp-json\/wp\/v2\/tags?post=1235"}],"curies":[{"name":"wp","href":"https:\/\/api.w.org\/{rel}","templated":true}]}}